{"id":650,"date":"2025-06-03T08:52:30","date_gmt":"2025-06-03T08:52:30","guid":{"rendered":"https:\/\/caldeiron.gal\/?p=650"},"modified":"2025-06-03T08:52:45","modified_gmt":"2025-06-03T08:52:45","slug":"atravesar-o-don-fran-fernandez-davila","status":"publish","type":"post","link":"https:\/\/caldeiron.gal\/?p=650","title":{"rendered":"Atravesar o don (Fran Fern\u00e1ndez Davila)"},"content":{"rendered":"\n<p>Poemario ga\u00f1ador da XIX edici\u00f3n do Premio Illas Sisargas de Poes\u00eda Er\u00f3tica que anualmente convoca a nosa editorial.<\/p>\n\n\n\n<p>Ilustra a capa \u00c1ngela Costas. Incl\u00fae. accedendo mediante QR, m\u00fasicas do propio autor asistido por IA<\/p>\n","protected":false},"excerpt":{"rendered":"<p>Poemario ga\u00f1ador da XIX edici\u00f3n do Premio Illas Sisargas de Poes\u00eda Er\u00f3tica que anualmente convoca a nosa editorial. Ilustra a capa \u00c1ngela Costas. Incl\u00fae. accedendo mediante QR, m\u00fasicas do propio&hellip;<\/p>\n","protected":false},"author":1,"featured_media":651,"comment_status":"open","ping_status":"open","sticky":false,"template":"","format":"standard","meta":{"footnotes":""},"categories":[7,3],"tags":[118,65],"_links":{"self":[{"href":"https:\/\/caldeiron.gal\/index.php?rest_route=\/wp\/v2\/posts\/650"}],"collection":[{"href":"https:\/\/caldeiron.gal\/index.php?rest_route=\/wp\/v2\/posts"}],"about":[{"href":"https:\/\/caldeiron.gal\/index.php?rest_route=\/wp\/v2\/types\/post"}],"author":[{"embeddable":true,"href":"https:\/\/caldeiron.gal\/index.php?rest_route=\/wp\/v2\/users\/1"}],"replies":[{"embeddable":true,"href":"https:\/\/caldeiron.gal\/index.php?rest_route=%2Fwp%2Fv2%2Fcomments&post=650"}],"version-history":[{"count":2,"href":"https:\/\/caldeiron.gal\/index.php?rest_route=\/wp\/v2\/posts\/650\/revisions"}],"predecessor-version":[{"id":653,"href":"https:\/\/caldeiron.gal\/index.php?rest_route=\/wp\/v2\/posts\/650\/revisions\/653"}],"wp:featuredmedia":[{"embeddable":true,"href":"https:\/\/caldeiron.gal\/index.php?rest_route=\/wp\/v2\/media\/651"}],"wp:attachment":[{"href":"https:\/\/caldeiron.gal\/index.php?rest_route=%2Fwp%2Fv2%2Fmedia&parent=650"}],"wp:term":[{"taxonomy":"category","embeddable":true,"href":"https:\/\/caldeiron.gal\/index.php?rest_route=%2Fwp%2Fv2%2Fcategories&post=650"},{"taxonomy":"post_tag","embeddable":true,"href":"https:\/\/caldeiron.gal\/index.php?rest_route=%2Fwp%2Fv2%2Ftags&post=650"}],"curies":[{"name":"wp","href":"https:\/\/api.w.org\/{rel}","templated":true}]}}