{"id":647,"date":"2025-06-03T08:46:07","date_gmt":"2025-06-03T08:46:07","guid":{"rendered":"https:\/\/caldeiron.gal\/?p=647"},"modified":"2025-06-03T08:46:08","modified_gmt":"2025-06-03T08:46:08","slug":"o-conto-da-leiteira-vicente-vazquez-vidal","status":"publish","type":"post","link":"https:\/\/caldeiron.gal\/?p=647","title":{"rendered":"O conto da leiteira (Vicente V\u00e1zquez Vidal)"},"content":{"rendered":"\n<p>T\u00edtulo premiado na XXVIII edici\u00f3n do Premio Francisco A\u00f1\u00f3n de poes\u00eda que anualmente convoca o Concello de Outes.<\/p>\n","protected":false},"excerpt":{"rendered":"<p>T\u00edtulo premiado na XXVIII edici\u00f3n do Premio Francisco A\u00f1\u00f3n de poes\u00eda que anualmente convoca o Concello de Outes.<\/p>\n","protected":false},"author":1,"featured_media":648,"comment_status":"open","ping_status":"open","sticky":false,"template":"","format":"standard","meta":{"footnotes":""},"categories":[96,3],"tags":[117],"_links":{"self":[{"href":"https:\/\/caldeiron.gal\/index.php?rest_route=\/wp\/v2\/posts\/647"}],"collection":[{"href":"https:\/\/caldeiron.gal\/index.php?rest_route=\/wp\/v2\/posts"}],"about":[{"href":"https:\/\/caldeiron.gal\/index.php?rest_route=\/wp\/v2\/types\/post"}],"author":[{"embeddable":true,"href":"https:\/\/caldeiron.gal\/index.php?rest_route=\/wp\/v2\/users\/1"}],"replies":[{"embeddable":true,"href":"https:\/\/caldeiron.gal\/index.php?rest_route=%2Fwp%2Fv2%2Fcomments&post=647"}],"version-history":[{"count":1,"href":"https:\/\/caldeiron.gal\/index.php?rest_route=\/wp\/v2\/posts\/647\/revisions"}],"predecessor-version":[{"id":649,"href":"https:\/\/caldeiron.gal\/index.php?rest_route=\/wp\/v2\/posts\/647\/revisions\/649"}],"wp:featuredmedia":[{"embeddable":true,"href":"https:\/\/caldeiron.gal\/index.php?rest_route=\/wp\/v2\/media\/648"}],"wp:attachment":[{"href":"https:\/\/caldeiron.gal\/index.php?rest_route=%2Fwp%2Fv2%2Fmedia&parent=647"}],"wp:term":[{"taxonomy":"category","embeddable":true,"href":"https:\/\/caldeiron.gal\/index.php?rest_route=%2Fwp%2Fv2%2Fcategories&post=647"},{"taxonomy":"post_tag","embeddable":true,"href":"https:\/\/caldeiron.gal\/index.php?rest_route=%2Fwp%2Fv2%2Ftags&post=647"}],"curies":[{"name":"wp","href":"https:\/\/api.w.org\/{rel}","templated":true}]}}