{"id":642,"date":"2025-06-02T08:46:59","date_gmt":"2025-06-02T08:46:59","guid":{"rendered":"https:\/\/caldeiron.gal\/?p=642"},"modified":"2025-06-02T08:53:15","modified_gmt":"2025-06-02T08:53:15","slug":"convocada-a-xx-edicion-do-illas-sisargas","status":"publish","type":"post","link":"https:\/\/caldeiron.gal\/?p=642","title":{"rendered":"Convocada a XX edici\u00f3n do Illas Sisargas"},"content":{"rendered":"\n<p>O pasado venres 30 de maio f\u00edxose p\u00fablica a convocatoria da XX edici\u00f3n do <strong><em>Premio de Poes\u00eda Er\u00f3tica Illas Sisargas<\/em><\/strong><\/p>\n\n\n\n<p>Non queda m\u00e1is que animarvos a participar envi\u00e1ndo as vosas obras dentro do prazo marcado.  Agardamos!<\/p>\n\n\n\n<p class=\"has-text-align-center\"><img loading=\"lazy\" decoding=\"async\" width=\"700\" height=\"668\" class=\"wp-image-643\" style=\"width: 700px;\" src=\"https:\/\/caldeiron.gal\/wp-content\/uploads\/2025\/06\/Convocatoria-Premio-XX.jpeg\" alt=\"\" srcset=\"https:\/\/caldeiron.gal\/wp-content\/uploads\/2025\/06\/Convocatoria-Premio-XX.jpeg 1080w, https:\/\/caldeiron.gal\/wp-content\/uploads\/2025\/06\/Convocatoria-Premio-XX-300x286.jpeg 300w, https:\/\/caldeiron.gal\/wp-content\/uploads\/2025\/06\/Convocatoria-Premio-XX-1024x977.jpeg 1024w, https:\/\/caldeiron.gal\/wp-content\/uploads\/2025\/06\/Convocatoria-Premio-XX-768x732.jpeg 768w\" sizes=\"(max-width: 700px) 100vw, 700px\" \/><\/p>\n","protected":false},"excerpt":{"rendered":"<p>O pasado venres 30 de maio f\u00edxose p\u00fablica a convocatoria da XX edici\u00f3n do Premio de Poes\u00eda Er\u00f3tica Illas Sisargas Non queda m\u00e1is que animarvos a participar envi\u00e1ndo as vosas&hellip;<\/p>\n","protected":false},"author":1,"featured_media":0,"comment_status":"open","ping_status":"open","sticky":false,"template":"","format":"standard","meta":{"footnotes":""},"categories":[7],"tags":[65],"_links":{"self":[{"href":"https:\/\/caldeiron.gal\/index.php?rest_route=\/wp\/v2\/posts\/642"}],"collection":[{"href":"https:\/\/caldeiron.gal\/index.php?rest_route=\/wp\/v2\/posts"}],"about":[{"href":"https:\/\/caldeiron.gal\/index.php?rest_route=\/wp\/v2\/types\/post"}],"author":[{"embeddable":true,"href":"https:\/\/caldeiron.gal\/index.php?rest_route=\/wp\/v2\/users\/1"}],"replies":[{"embeddable":true,"href":"https:\/\/caldeiron.gal\/index.php?rest_route=%2Fwp%2Fv2%2Fcomments&post=642"}],"version-history":[{"count":3,"href":"https:\/\/caldeiron.gal\/index.php?rest_route=\/wp\/v2\/posts\/642\/revisions"}],"predecessor-version":[{"id":646,"href":"https:\/\/caldeiron.gal\/index.php?rest_route=\/wp\/v2\/posts\/642\/revisions\/646"}],"wp:attachment":[{"href":"https:\/\/caldeiron.gal\/index.php?rest_route=%2Fwp%2Fv2%2Fmedia&parent=642"}],"wp:term":[{"taxonomy":"category","embeddable":true,"href":"https:\/\/caldeiron.gal\/index.php?rest_route=%2Fwp%2Fv2%2Fcategories&post=642"},{"taxonomy":"post_tag","embeddable":true,"href":"https:\/\/caldeiron.gal\/index.php?rest_route=%2Fwp%2Fv2%2Ftags&post=642"}],"curies":[{"name":"wp","href":"https:\/\/api.w.org\/{rel}","templated":true}]}}