{"id":636,"date":"2024-05-12T20:12:00","date_gmt":"2024-05-12T20:12:00","guid":{"rendered":"https:\/\/caldeiron.gal\/?p=636"},"modified":"2024-07-12T20:18:14","modified_gmt":"2024-07-12T20:18:14","slug":"masaxe-con-argan-mal-pronunciada-clara-vidal","status":"publish","type":"post","link":"https:\/\/caldeiron.gal\/?p=636","title":{"rendered":"Masaxe con arg\u00e1n mal pronunciada (Clara Vidal)"},"content":{"rendered":"\n<p>Clara Vidal | <em>Masaxe con arg\u00e1n mal pronunciada<\/em> | XVIII Premio de Poes\u00eda Er\u00f3tica Illas Sisargas | (2023)<\/p>\n\n\n\n<p>ISBN: 978-84-128069-3-9<\/p>\n","protected":false},"excerpt":{"rendered":"<p>Clara Vidal | Masaxe con arg\u00e1n mal pronunciada | XVIII Premio de Poes\u00eda Er\u00f3tica Illas Sisargas | (2023) ISBN: 978-84-128069-3-9<\/p>\n","protected":false},"author":1,"featured_media":638,"comment_status":"open","ping_status":"open","sticky":false,"template":"","format":"standard","meta":{"footnotes":""},"categories":[7,3],"tags":[115,116,65],"_links":{"self":[{"href":"https:\/\/caldeiron.gal\/index.php?rest_route=\/wp\/v2\/posts\/636"}],"collection":[{"href":"https:\/\/caldeiron.gal\/index.php?rest_route=\/wp\/v2\/posts"}],"about":[{"href":"https:\/\/caldeiron.gal\/index.php?rest_route=\/wp\/v2\/types\/post"}],"author":[{"embeddable":true,"href":"https:\/\/caldeiron.gal\/index.php?rest_route=\/wp\/v2\/users\/1"}],"replies":[{"embeddable":true,"href":"https:\/\/caldeiron.gal\/index.php?rest_route=%2Fwp%2Fv2%2Fcomments&post=636"}],"version-history":[{"count":1,"href":"https:\/\/caldeiron.gal\/index.php?rest_route=\/wp\/v2\/posts\/636\/revisions"}],"predecessor-version":[{"id":639,"href":"https:\/\/caldeiron.gal\/index.php?rest_route=\/wp\/v2\/posts\/636\/revisions\/639"}],"wp:featuredmedia":[{"embeddable":true,"href":"https:\/\/caldeiron.gal\/index.php?rest_route=\/wp\/v2\/media\/638"}],"wp:attachment":[{"href":"https:\/\/caldeiron.gal\/index.php?rest_route=%2Fwp%2Fv2%2Fmedia&parent=636"}],"wp:term":[{"taxonomy":"category","embeddable":true,"href":"https:\/\/caldeiron.gal\/index.php?rest_route=%2Fwp%2Fv2%2Fcategories&post=636"},{"taxonomy":"post_tag","embeddable":true,"href":"https:\/\/caldeiron.gal\/index.php?rest_route=%2Fwp%2Fv2%2Ftags&post=636"}],"curies":[{"name":"wp","href":"https:\/\/api.w.org\/{rel}","templated":true}]}}