{"id":62,"date":"2008-11-28T14:06:07","date_gmt":"2008-11-28T14:06:07","guid":{"rendered":"https:\/\/caldeiron.gal\/?p=62"},"modified":"2008-11-28T14:06:07","modified_gmt":"2008-11-28T14:06:07","slug":"baile-atha-cliath-alberte-moman","status":"publish","type":"post","link":"https:\/\/caldeiron.gal\/?p=62","title":{"rendered":"Baile \u00c1tha Cliath (Alberte Mom\u00e1n)"},"content":{"rendered":"<p>Alberte Mom\u00e1n | <em>Baile \u00c1tha Cliath<\/em> | II Premio de Poes\u00eda Er\u00f3tica Illas Sisargas | (2008)<\/p>\n","protected":false},"excerpt":{"rendered":"<p>Alberte Mom\u00e1n | Baile \u00c1tha Cliath | II Premio de Poes\u00eda Er\u00f3tica Illas Sisargas | (2008)<\/p>\n","protected":false},"author":1,"featured_media":259,"comment_status":"open","ping_status":"open","sticky":false,"template":"","format":"standard","meta":{"footnotes":""},"categories":[7,3],"tags":[12,20,65],"_links":{"self":[{"href":"https:\/\/caldeiron.gal\/index.php?rest_route=\/wp\/v2\/posts\/62"}],"collection":[{"href":"https:\/\/caldeiron.gal\/index.php?rest_route=\/wp\/v2\/posts"}],"about":[{"href":"https:\/\/caldeiron.gal\/index.php?rest_route=\/wp\/v2\/types\/post"}],"author":[{"embeddable":true,"href":"https:\/\/caldeiron.gal\/index.php?rest_route=\/wp\/v2\/users\/1"}],"replies":[{"embeddable":true,"href":"https:\/\/caldeiron.gal\/index.php?rest_route=%2Fwp%2Fv2%2Fcomments&post=62"}],"version-history":[{"count":0,"href":"https:\/\/caldeiron.gal\/index.php?rest_route=\/wp\/v2\/posts\/62\/revisions"}],"wp:featuredmedia":[{"embeddable":true,"href":"https:\/\/caldeiron.gal\/index.php?rest_route=\/wp\/v2\/media\/259"}],"wp:attachment":[{"href":"https:\/\/caldeiron.gal\/index.php?rest_route=%2Fwp%2Fv2%2Fmedia&parent=62"}],"wp:term":[{"taxonomy":"category","embeddable":true,"href":"https:\/\/caldeiron.gal\/index.php?rest_route=%2Fwp%2Fv2%2Fcategories&post=62"},{"taxonomy":"post_tag","embeddable":true,"href":"https:\/\/caldeiron.gal\/index.php?rest_route=%2Fwp%2Fv2%2Ftags&post=62"}],"curies":[{"name":"wp","href":"https:\/\/api.w.org\/{rel}","templated":true}]}}