{"id":549,"date":"2022-08-11T12:45:28","date_gmt":"2022-08-11T12:45:28","guid":{"rendered":"https:\/\/caldeiron.gal\/?p=549"},"modified":"2022-08-11T12:48:18","modified_gmt":"2022-08-11T12:48:18","slug":"atlantico-norte-chamademe-ismael","status":"publish","type":"post","link":"https:\/\/caldeiron.gal\/?p=549","title":{"rendered":"Atl\u00e1ntico Norte, cham\u00e1deme Ismael (Xos\u00e9 Iglesias)"},"content":{"rendered":"\n<p>Xos\u00e9 Iglesias | <em>Atl\u00e1ntico Norte, cham\u00e1deme Ismael<\/em> | (2022)<\/p>\n\n\n\n<p>ISBN: 978-84-124-8495-3<\/p>\n","protected":false},"excerpt":{"rendered":"<p>Xos\u00e9 Iglesias | Atl\u00e1ntico Norte, cham\u00e1deme Ismael | (2022) ISBN: 978-84-124-8495-3<\/p>\n","protected":false},"author":1,"featured_media":542,"comment_status":"open","ping_status":"open","sticky":false,"template":"","format":"standard","meta":{"footnotes":""},"categories":[6,3],"tags":[105,106,107,84],"_links":{"self":[{"href":"https:\/\/caldeiron.gal\/index.php?rest_route=\/wp\/v2\/posts\/549"}],"collection":[{"href":"https:\/\/caldeiron.gal\/index.php?rest_route=\/wp\/v2\/posts"}],"about":[{"href":"https:\/\/caldeiron.gal\/index.php?rest_route=\/wp\/v2\/types\/post"}],"author":[{"embeddable":true,"href":"https:\/\/caldeiron.gal\/index.php?rest_route=\/wp\/v2\/users\/1"}],"replies":[{"embeddable":true,"href":"https:\/\/caldeiron.gal\/index.php?rest_route=%2Fwp%2Fv2%2Fcomments&post=549"}],"version-history":[{"count":2,"href":"https:\/\/caldeiron.gal\/index.php?rest_route=\/wp\/v2\/posts\/549\/revisions"}],"predecessor-version":[{"id":551,"href":"https:\/\/caldeiron.gal\/index.php?rest_route=\/wp\/v2\/posts\/549\/revisions\/551"}],"wp:featuredmedia":[{"embeddable":true,"href":"https:\/\/caldeiron.gal\/index.php?rest_route=\/wp\/v2\/media\/542"}],"wp:attachment":[{"href":"https:\/\/caldeiron.gal\/index.php?rest_route=%2Fwp%2Fv2%2Fmedia&parent=549"}],"wp:term":[{"taxonomy":"category","embeddable":true,"href":"https:\/\/caldeiron.gal\/index.php?rest_route=%2Fwp%2Fv2%2Fcategories&post=549"},{"taxonomy":"post_tag","embeddable":true,"href":"https:\/\/caldeiron.gal\/index.php?rest_route=%2Fwp%2Fv2%2Ftags&post=549"}],"curies":[{"name":"wp","href":"https:\/\/api.w.org\/{rel}","templated":true}]}}