{"id":525,"date":"2022-05-13T11:02:00","date_gmt":"2022-05-13T11:02:00","guid":{"rendered":"https:\/\/caldeiron.gal\/?p=525"},"modified":"2022-05-23T11:56:59","modified_gmt":"2022-05-23T11:56:59","slug":"edenicas-andrea-f-maneiro","status":"publish","type":"post","link":"https:\/\/caldeiron.gal\/?p=525","title":{"rendered":"Ed\u00e9nicas (Andrea F. Maneiro)"},"content":{"rendered":"\n<p>Andrea F. Maneiro | <em>Ed\u00e9nicas<\/em> | XVI Premio de Poes\u00eda Er\u00f3tica Illas Sisargas | (2022)<\/p>\n\n\n\n<p>ISBN: 978-84-124849-4-6<\/p>\n","protected":false},"excerpt":{"rendered":"<p>Andrea F. Maneiro | Ed\u00e9nicas | XVI Premio de Poes\u00eda Er\u00f3tica Illas Sisargas | (2022) ISBN: 978-84-124849-4-6<\/p>\n","protected":false},"author":1,"featured_media":527,"comment_status":"open","ping_status":"open","sticky":false,"template":"","format":"standard","meta":{"footnotes":""},"categories":[7,3],"tags":[102,65],"_links":{"self":[{"href":"https:\/\/caldeiron.gal\/index.php?rest_route=\/wp\/v2\/posts\/525"}],"collection":[{"href":"https:\/\/caldeiron.gal\/index.php?rest_route=\/wp\/v2\/posts"}],"about":[{"href":"https:\/\/caldeiron.gal\/index.php?rest_route=\/wp\/v2\/types\/post"}],"author":[{"embeddable":true,"href":"https:\/\/caldeiron.gal\/index.php?rest_route=\/wp\/v2\/users\/1"}],"replies":[{"embeddable":true,"href":"https:\/\/caldeiron.gal\/index.php?rest_route=%2Fwp%2Fv2%2Fcomments&post=525"}],"version-history":[{"count":1,"href":"https:\/\/caldeiron.gal\/index.php?rest_route=\/wp\/v2\/posts\/525\/revisions"}],"predecessor-version":[{"id":528,"href":"https:\/\/caldeiron.gal\/index.php?rest_route=\/wp\/v2\/posts\/525\/revisions\/528"}],"wp:featuredmedia":[{"embeddable":true,"href":"https:\/\/caldeiron.gal\/index.php?rest_route=\/wp\/v2\/media\/527"}],"wp:attachment":[{"href":"https:\/\/caldeiron.gal\/index.php?rest_route=%2Fwp%2Fv2%2Fmedia&parent=525"}],"wp:term":[{"taxonomy":"category","embeddable":true,"href":"https:\/\/caldeiron.gal\/index.php?rest_route=%2Fwp%2Fv2%2Fcategories&post=525"},{"taxonomy":"post_tag","embeddable":true,"href":"https:\/\/caldeiron.gal\/index.php?rest_route=%2Fwp%2Fv2%2Ftags&post=525"}],"curies":[{"name":"wp","href":"https:\/\/api.w.org\/{rel}","templated":true}]}}