{"id":484,"date":"2021-05-08T09:59:10","date_gmt":"2021-05-08T09:59:10","guid":{"rendered":"https:\/\/caldeiron.gal\/?p=484"},"modified":"2021-05-08T09:59:10","modified_gmt":"2021-05-08T09:59:10","slug":"rascamasseiras-laura-r-cuba","status":"publish","type":"post","link":"https:\/\/caldeiron.gal\/?p=484","title":{"rendered":"rascamasseiras (Laura R. Cuba)"},"content":{"rendered":"\n<p>Laura R. Cuba | <em>rascamasseiras<\/em> | Acc\u00e9sit do XV Premio de Poes\u00eda Er\u00f3tica Illas Sisargas | (2021)<\/p>\n\n\n\n<p>ISBN: 978-84-120762-7-1<\/p>\n","protected":false},"excerpt":{"rendered":"<p>Laura R. Cuba | rascamasseiras | Acc\u00e9sit do XV Premio de Poes\u00eda Er\u00f3tica Illas Sisargas | (2021) ISBN: 978-84-120762-7-1<\/p>\n","protected":false},"author":1,"featured_media":487,"comment_status":"open","ping_status":"open","sticky":false,"template":"","format":"standard","meta":{"footnotes":""},"categories":[7,3],"tags":[91,92,93],"_links":{"self":[{"href":"https:\/\/caldeiron.gal\/index.php?rest_route=\/wp\/v2\/posts\/484"}],"collection":[{"href":"https:\/\/caldeiron.gal\/index.php?rest_route=\/wp\/v2\/posts"}],"about":[{"href":"https:\/\/caldeiron.gal\/index.php?rest_route=\/wp\/v2\/types\/post"}],"author":[{"embeddable":true,"href":"https:\/\/caldeiron.gal\/index.php?rest_route=\/wp\/v2\/users\/1"}],"replies":[{"embeddable":true,"href":"https:\/\/caldeiron.gal\/index.php?rest_route=%2Fwp%2Fv2%2Fcomments&post=484"}],"version-history":[{"count":1,"href":"https:\/\/caldeiron.gal\/index.php?rest_route=\/wp\/v2\/posts\/484\/revisions"}],"predecessor-version":[{"id":489,"href":"https:\/\/caldeiron.gal\/index.php?rest_route=\/wp\/v2\/posts\/484\/revisions\/489"}],"wp:featuredmedia":[{"embeddable":true,"href":"https:\/\/caldeiron.gal\/index.php?rest_route=\/wp\/v2\/media\/487"}],"wp:attachment":[{"href":"https:\/\/caldeiron.gal\/index.php?rest_route=%2Fwp%2Fv2%2Fmedia&parent=484"}],"wp:term":[{"taxonomy":"category","embeddable":true,"href":"https:\/\/caldeiron.gal\/index.php?rest_route=%2Fwp%2Fv2%2Fcategories&post=484"},{"taxonomy":"post_tag","embeddable":true,"href":"https:\/\/caldeiron.gal\/index.php?rest_route=%2Fwp%2Fv2%2Ftags&post=484"}],"curies":[{"name":"wp","href":"https:\/\/api.w.org\/{rel}","templated":true}]}}