{"id":417,"date":"2020-05-25T07:45:03","date_gmt":"2020-05-25T07:45:03","guid":{"rendered":"https:\/\/caldeiron.gal\/?p=417"},"modified":"2020-05-25T07:45:03","modified_gmt":"2020-05-25T07:45:03","slug":"a-relixion-do-mar-xose-iglesias","status":"publish","type":"post","link":"https:\/\/caldeiron.gal\/?p=417","title":{"rendered":"A relixi\u00f3n do mar (Xos\u00e9 Iglesias)"},"content":{"rendered":"\n<p>Xos\u00e9 Iglesias | <em>A relixi\u00f3n do mar<\/em> | (2020)<\/p>\n\n\n\n<p>ISBN: 978-84-120-7623-3<\/p>\n\n\n\n<p>Obra ga\u00f1adora do IX Certame de Poes\u00eda Victoriano Taibo <\/p>\n\n\n\n<p>2\u00aa edici\u00f3n (2020)<\/p>\n","protected":false},"excerpt":{"rendered":"<p>Xos\u00e9 Iglesias | A relixi\u00f3n do mar | (2020) ISBN: 978-84-120-7623-3 Obra ga\u00f1adora do IX Certame de Poes\u00eda Victoriano Taibo 2\u00aa edici\u00f3n (2020)<\/p>\n","protected":false},"author":1,"featured_media":420,"comment_status":"open","ping_status":"open","sticky":false,"template":"","format":"standard","meta":{"footnotes":""},"categories":[6,3],"tags":[11,79,84],"_links":{"self":[{"href":"https:\/\/caldeiron.gal\/index.php?rest_route=\/wp\/v2\/posts\/417"}],"collection":[{"href":"https:\/\/caldeiron.gal\/index.php?rest_route=\/wp\/v2\/posts"}],"about":[{"href":"https:\/\/caldeiron.gal\/index.php?rest_route=\/wp\/v2\/types\/post"}],"author":[{"embeddable":true,"href":"https:\/\/caldeiron.gal\/index.php?rest_route=\/wp\/v2\/users\/1"}],"replies":[{"embeddable":true,"href":"https:\/\/caldeiron.gal\/index.php?rest_route=%2Fwp%2Fv2%2Fcomments&post=417"}],"version-history":[{"count":0,"href":"https:\/\/caldeiron.gal\/index.php?rest_route=\/wp\/v2\/posts\/417\/revisions"}],"wp:featuredmedia":[{"embeddable":true,"href":"https:\/\/caldeiron.gal\/index.php?rest_route=\/wp\/v2\/media\/420"}],"wp:attachment":[{"href":"https:\/\/caldeiron.gal\/index.php?rest_route=%2Fwp%2Fv2%2Fmedia&parent=417"}],"wp:term":[{"taxonomy":"category","embeddable":true,"href":"https:\/\/caldeiron.gal\/index.php?rest_route=%2Fwp%2Fv2%2Fcategories&post=417"},{"taxonomy":"post_tag","embeddable":true,"href":"https:\/\/caldeiron.gal\/index.php?rest_route=%2Fwp%2Fv2%2Ftags&post=417"}],"curies":[{"name":"wp","href":"https:\/\/api.w.org\/{rel}","templated":true}]}}