{"id":314,"date":"2020-05-24T08:46:00","date_gmt":"2020-05-24T08:46:00","guid":{"rendered":"https:\/\/caldeiron.gal\/?p=314"},"modified":"2020-05-24T08:46:00","modified_gmt":"2020-05-24T08:46:00","slug":"diaspora-do-amor-balea-andrea-nunes-brions-maria-rosendo-priego","status":"publish","type":"post","link":"https:\/\/caldeiron.gal\/?p=314","title":{"rendered":"Di\u00e1spora do amor balea (Andrea Nunes Bri\u00f3ns-Mar\u00eda Rosendo Priego)"},"content":{"rendered":"<p>Andrea Nunes Bri\u00f3ns-Mar\u00eda Rosendo Priego | <em>Di\u00e1spora do amor balea<\/em> | XII Premio de Poes\u00eda Er\u00f3tica Illas Sisargas | (2018)<\/p>\n<p>ISBN: 978-84-120-7622-6 (2\u00aa edici\u00f3n &#8211; 2020)<\/p>\n","protected":false},"excerpt":{"rendered":"<p>Andrea Nunes Bri\u00f3ns-Mar\u00eda Rosendo Priego | Di\u00e1spora do amor balea | XII Premio de Poes\u00eda Er\u00f3tica Illas Sisargas | (2018) ISBN: 978-84-120-7622-6 (2\u00aa edici\u00f3n &#8211; 2020)<\/p>\n","protected":false},"author":1,"featured_media":423,"comment_status":"open","ping_status":"open","sticky":false,"template":"","format":"standard","meta":{"footnotes":""},"categories":[7,3],"tags":[15,50,65],"_links":{"self":[{"href":"https:\/\/caldeiron.gal\/index.php?rest_route=\/wp\/v2\/posts\/314"}],"collection":[{"href":"https:\/\/caldeiron.gal\/index.php?rest_route=\/wp\/v2\/posts"}],"about":[{"href":"https:\/\/caldeiron.gal\/index.php?rest_route=\/wp\/v2\/types\/post"}],"author":[{"embeddable":true,"href":"https:\/\/caldeiron.gal\/index.php?rest_route=\/wp\/v2\/users\/1"}],"replies":[{"embeddable":true,"href":"https:\/\/caldeiron.gal\/index.php?rest_route=%2Fwp%2Fv2%2Fcomments&post=314"}],"version-history":[{"count":0,"href":"https:\/\/caldeiron.gal\/index.php?rest_route=\/wp\/v2\/posts\/314\/revisions"}],"wp:featuredmedia":[{"embeddable":true,"href":"https:\/\/caldeiron.gal\/index.php?rest_route=\/wp\/v2\/media\/423"}],"wp:attachment":[{"href":"https:\/\/caldeiron.gal\/index.php?rest_route=%2Fwp%2Fv2%2Fmedia&parent=314"}],"wp:term":[{"taxonomy":"category","embeddable":true,"href":"https:\/\/caldeiron.gal\/index.php?rest_route=%2Fwp%2Fv2%2Fcategories&post=314"},{"taxonomy":"post_tag","embeddable":true,"href":"https:\/\/caldeiron.gal\/index.php?rest_route=%2Fwp%2Fv2%2Ftags&post=314"}],"curies":[{"name":"wp","href":"https:\/\/api.w.org\/{rel}","templated":true}]}}