{"id":145,"date":"2016-11-05T09:03:42","date_gmt":"2016-11-05T09:03:42","guid":{"rendered":"https:\/\/caldeiron.gal\/?p=145"},"modified":"2016-11-05T09:03:42","modified_gmt":"2016-11-05T09:03:42","slug":"a-razao-do-perverso-mario-j-herrero-valeiro","status":"publish","type":"post","link":"https:\/\/caldeiron.gal\/?p=145","title":{"rendered":"A raz\u00e3o do perverso (M\u00e1rio J. Herrero Valeiro)"},"content":{"rendered":"<p>M\u00e1rio J. Herrero Valeiro | <em>A raz\u00e3o do perverso<\/em> | X Premio de Poes\u00eda Er\u00f3tica Illas Sisargas | (2016)<\/p>\n<p>ISBN: 978-84-617-5889-0<\/p>\n","protected":false},"excerpt":{"rendered":"<p>M\u00e1rio J. Herrero Valeiro | A raz\u00e3o do perverso | X Premio de Poes\u00eda Er\u00f3tica Illas Sisargas | (2016) ISBN: 978-84-617-5889-0<\/p>\n","protected":false},"author":1,"featured_media":144,"comment_status":"open","ping_status":"open","sticky":false,"template":"","format":"standard","meta":{"footnotes":""},"categories":[7,3],"tags":[10,51,65],"_links":{"self":[{"href":"https:\/\/caldeiron.gal\/index.php?rest_route=\/wp\/v2\/posts\/145"}],"collection":[{"href":"https:\/\/caldeiron.gal\/index.php?rest_route=\/wp\/v2\/posts"}],"about":[{"href":"https:\/\/caldeiron.gal\/index.php?rest_route=\/wp\/v2\/types\/post"}],"author":[{"embeddable":true,"href":"https:\/\/caldeiron.gal\/index.php?rest_route=\/wp\/v2\/users\/1"}],"replies":[{"embeddable":true,"href":"https:\/\/caldeiron.gal\/index.php?rest_route=%2Fwp%2Fv2%2Fcomments&post=145"}],"version-history":[{"count":0,"href":"https:\/\/caldeiron.gal\/index.php?rest_route=\/wp\/v2\/posts\/145\/revisions"}],"wp:featuredmedia":[{"embeddable":true,"href":"https:\/\/caldeiron.gal\/index.php?rest_route=\/wp\/v2\/media\/144"}],"wp:attachment":[{"href":"https:\/\/caldeiron.gal\/index.php?rest_route=%2Fwp%2Fv2%2Fmedia&parent=145"}],"wp:term":[{"taxonomy":"category","embeddable":true,"href":"https:\/\/caldeiron.gal\/index.php?rest_route=%2Fwp%2Fv2%2Fcategories&post=145"},{"taxonomy":"post_tag","embeddable":true,"href":"https:\/\/caldeiron.gal\/index.php?rest_route=%2Fwp%2Fv2%2Ftags&post=145"}],"curies":[{"name":"wp","href":"https:\/\/api.w.org\/{rel}","templated":true}]}}