{"id":131,"date":"2016-06-29T08:48:15","date_gmt":"2016-06-29T08:48:15","guid":{"rendered":"https:\/\/caldeiron.gal\/?p=131"},"modified":"2016-06-29T08:48:15","modified_gmt":"2016-06-29T08:48:15","slug":"odesexo-vv-aa","status":"publish","type":"post","link":"https:\/\/caldeiron.gal\/?p=131","title":{"rendered":"odesexo (VV.AA.)"},"content":{"rendered":"<p><img loading=\"lazy\" decoding=\"async\" class=\"alignnone size-full wp-image-133\" src=\"https:\/\/caldeiron.gal\/wp-content\/uploads\/2017\/06\/odesexo-peq.png\" alt=\"\" width=\"200\" height=\"143\" \/><\/p>\n<p>VV.AA. | <em>odesexo<\/em> | (2015)<\/p>\n<p><em>odesexo<\/em> \u00e9 o cat\u00e1logo dunha exposici\u00f3n itinerante con obra pl\u00e1stica de tres artistas pl\u00e1sticos cos que dialogan os textos de trece poetas.<\/p>\n<p>Obra pl\u00e1stica: Maside, Pardi\u00f1as e Riveiro<br \/>\nTextos: Ram\u00f3n Neto, Ver\u00f3nica Mart\u00ednez, Lino Braxe, Emma Pedreira, Eli R\u00edos, Eduardo Est\u00e9vez, Mercedes Leobalde, Alberte Mom\u00e1n, Antonio G. Teijeiro, Miguel Mato, Paco de Tano, Xos\u00e9 Iglesias e Paco Souto<\/p>\n","protected":false},"excerpt":{"rendered":"<p>VV.AA. | odesexo | (2015) odesexo \u00e9 o cat\u00e1logo dunha exposici\u00f3n itinerante con obra pl\u00e1stica de tres artistas pl\u00e1sticos cos que dialogan os textos de trece poetas. Obra pl\u00e1stica: Maside,&hellip;<\/p>\n","protected":false},"author":1,"featured_media":133,"comment_status":"open","ping_status":"open","sticky":false,"template":"","format":"standard","meta":{"footnotes":""},"categories":[4,3],"tags":[12,17,37,38,40,44,53,54,56,60,62,63,64,66,67,77,84],"_links":{"self":[{"href":"https:\/\/caldeiron.gal\/index.php?rest_route=\/wp\/v2\/posts\/131"}],"collection":[{"href":"https:\/\/caldeiron.gal\/index.php?rest_route=\/wp\/v2\/posts"}],"about":[{"href":"https:\/\/caldeiron.gal\/index.php?rest_route=\/wp\/v2\/types\/post"}],"author":[{"embeddable":true,"href":"https:\/\/caldeiron.gal\/index.php?rest_route=\/wp\/v2\/users\/1"}],"replies":[{"embeddable":true,"href":"https:\/\/caldeiron.gal\/index.php?rest_route=%2Fwp%2Fv2%2Fcomments&post=131"}],"version-history":[{"count":0,"href":"https:\/\/caldeiron.gal\/index.php?rest_route=\/wp\/v2\/posts\/131\/revisions"}],"wp:featuredmedia":[{"embeddable":true,"href":"https:\/\/caldeiron.gal\/index.php?rest_route=\/wp\/v2\/media\/133"}],"wp:attachment":[{"href":"https:\/\/caldeiron.gal\/index.php?rest_route=%2Fwp%2Fv2%2Fmedia&parent=131"}],"wp:term":[{"taxonomy":"category","embeddable":true,"href":"https:\/\/caldeiron.gal\/index.php?rest_route=%2Fwp%2Fv2%2Fcategories&post=131"},{"taxonomy":"post_tag","embeddable":true,"href":"https:\/\/caldeiron.gal\/index.php?rest_route=%2Fwp%2Fv2%2Ftags&post=131"}],"curies":[{"name":"wp","href":"https:\/\/api.w.org\/{rel}","templated":true}]}}