{"id":127,"date":"2015-06-29T08:41:16","date_gmt":"2015-06-29T08:41:16","guid":{"rendered":"https:\/\/caldeiron.gal\/?p=127"},"modified":"2015-06-29T08:41:16","modified_gmt":"2015-06-29T08:41:16","slug":"catalago-vv-aa","status":"publish","type":"post","link":"https:\/\/caldeiron.gal\/?p=127","title":{"rendered":"Cat\u00e1lago (VV.AA.)"},"content":{"rendered":"<p>VV.AA. | <em>Cat\u00e1lago<\/em> | (2015)<\/p>\n<p>Cat\u00e1lago forma parte dun proxecto expositivo itinerante que incl\u00fae o recitado de poemas ao vivo.<\/p>\n<p>Imaxes: Chi\u00f1a e Mon Lendoiro<br \/>\nTextos: Rosal\u00eda Fern\u00e1ndez Rial e Paco Souto<\/p>\n","protected":false},"excerpt":{"rendered":"<p>VV.AA. | Cat\u00e1lago | (2015) Cat\u00e1lago forma parte dun proxecto expositivo itinerante que incl\u00fae o recitado de poemas ao vivo. Imaxes: Chi\u00f1a e Mon Lendoiro Textos: Rosal\u00eda Fern\u00e1ndez Rial e&hellip;<\/p>\n","protected":false},"author":1,"featured_media":126,"comment_status":"open","ping_status":"open","sticky":false,"template":"","format":"standard","meta":{"footnotes":""},"categories":[4,3],"tags":[27,29,57,63,68],"_links":{"self":[{"href":"https:\/\/caldeiron.gal\/index.php?rest_route=\/wp\/v2\/posts\/127"}],"collection":[{"href":"https:\/\/caldeiron.gal\/index.php?rest_route=\/wp\/v2\/posts"}],"about":[{"href":"https:\/\/caldeiron.gal\/index.php?rest_route=\/wp\/v2\/types\/post"}],"author":[{"embeddable":true,"href":"https:\/\/caldeiron.gal\/index.php?rest_route=\/wp\/v2\/users\/1"}],"replies":[{"embeddable":true,"href":"https:\/\/caldeiron.gal\/index.php?rest_route=%2Fwp%2Fv2%2Fcomments&post=127"}],"version-history":[{"count":0,"href":"https:\/\/caldeiron.gal\/index.php?rest_route=\/wp\/v2\/posts\/127\/revisions"}],"wp:featuredmedia":[{"embeddable":true,"href":"https:\/\/caldeiron.gal\/index.php?rest_route=\/wp\/v2\/media\/126"}],"wp:attachment":[{"href":"https:\/\/caldeiron.gal\/index.php?rest_route=%2Fwp%2Fv2%2Fmedia&parent=127"}],"wp:term":[{"taxonomy":"category","embeddable":true,"href":"https:\/\/caldeiron.gal\/index.php?rest_route=%2Fwp%2Fv2%2Fcategories&post=127"},{"taxonomy":"post_tag","embeddable":true,"href":"https:\/\/caldeiron.gal\/index.php?rest_route=%2Fwp%2Fv2%2Ftags&post=127"}],"curies":[{"name":"wp","href":"https:\/\/api.w.org\/{rel}","templated":true}]}}