{"id":115,"date":"2014-11-27T16:19:33","date_gmt":"2014-11-27T16:19:33","guid":{"rendered":"https:\/\/caldeiron.gal\/?p=115"},"modified":"2014-11-27T16:19:33","modified_gmt":"2014-11-27T16:19:33","slug":"ode-a-madison-ivy-e-veronica-martinez-delgado","status":"publish","type":"post","link":"https:\/\/caldeiron.gal\/?p=115","title":{"rendered":"Ode \u00e0 Madison Ivy e&#8230; (Ver\u00f3nica Mart\u00ednez Delgado)"},"content":{"rendered":"<p>Ver\u00f3nica Mart\u00ednez Delgado | <em>Ode \u00e0 Madison Ivy e outras coisas de meter<\/em> | Acc\u00e9sit IX Premio de Poes\u00eda Er\u00f3tica Illas Sisargas | (2014)<\/p>\n<p>ISBN: 978-84-617-2235-8<\/p>\n","protected":false},"excerpt":{"rendered":"<p>Ver\u00f3nica Mart\u00ednez Delgado | Ode \u00e0 Madison Ivy e outras coisas de meter | Acc\u00e9sit IX Premio de Poes\u00eda Er\u00f3tica Illas Sisargas | (2014) ISBN: 978-84-617-2235-8<\/p>\n","protected":false},"author":1,"featured_media":117,"comment_status":"open","ping_status":"open","sticky":false,"template":"","format":"standard","meta":{"footnotes":""},"categories":[7,3],"tags":[59,65,77],"_links":{"self":[{"href":"https:\/\/caldeiron.gal\/index.php?rest_route=\/wp\/v2\/posts\/115"}],"collection":[{"href":"https:\/\/caldeiron.gal\/index.php?rest_route=\/wp\/v2\/posts"}],"about":[{"href":"https:\/\/caldeiron.gal\/index.php?rest_route=\/wp\/v2\/types\/post"}],"author":[{"embeddable":true,"href":"https:\/\/caldeiron.gal\/index.php?rest_route=\/wp\/v2\/users\/1"}],"replies":[{"embeddable":true,"href":"https:\/\/caldeiron.gal\/index.php?rest_route=%2Fwp%2Fv2%2Fcomments&post=115"}],"version-history":[{"count":0,"href":"https:\/\/caldeiron.gal\/index.php?rest_route=\/wp\/v2\/posts\/115\/revisions"}],"wp:featuredmedia":[{"embeddable":true,"href":"https:\/\/caldeiron.gal\/index.php?rest_route=\/wp\/v2\/media\/117"}],"wp:attachment":[{"href":"https:\/\/caldeiron.gal\/index.php?rest_route=%2Fwp%2Fv2%2Fmedia&parent=115"}],"wp:term":[{"taxonomy":"category","embeddable":true,"href":"https:\/\/caldeiron.gal\/index.php?rest_route=%2Fwp%2Fv2%2Fcategories&post=115"},{"taxonomy":"post_tag","embeddable":true,"href":"https:\/\/caldeiron.gal\/index.php?rest_route=%2Fwp%2Fv2%2Ftags&post=115"}],"curies":[{"name":"wp","href":"https:\/\/api.w.org\/{rel}","templated":true}]}}